{"id":10465,"date":"2026-08-31T12:19:56","date_gmt":"2026-08-31T15:19:56","guid":{"rendered":"https:\/\/www.unlz.edu.ar\/?p=10465"},"modified":"2026-08-31T12:19:56","modified_gmt":"2026-08-31T15:19:56","slug":"urretabizkaya-el-futuro-de-las-ciencias-agrarias-esta-en-marcha","status":"publish","type":"post","link":"https:\/\/www.unlz.edu.ar\/?p=10465","title":{"rendered":"Urretabizkaya: \u201cEl futuro de las Ciencias Agrarias est\u00e1 en marcha\u201d"},"content":{"rendered":"<p>[vc_row][vc_column][vc_row_inner][vc_column_inner][la_heading title=\u00bbUrretabizkaya: \u201cEl futuro de las Ciencias Agrarias est\u00e1 en marcha\u201d\u00bb title_fz=\u00bbxlg:60px;lg:50px;mb:25px;\u00bb][\/la_heading][la_divider height=\u00bblg:30px;\u00bb][\/vc_column_inner][\/vc_row_inner][la_carousel infinite_loop=\u00bbyes\u00bb autoplay=\u00bbyes\u00bb dots=\u00bbyes\u00bb draggable=\u00bbyes\u00bb touch_move=\u00bbyes\u00bb item_space=\u00bb0&#8243; slides_column=\u00bbxlg:1;lg:1;md:1;sm:1;xs:1;mb:1;\u00bb el_class=\u00bbslick-dots-small\u00bb][vc_single_image image=\u00bb10478&#8243; img_size=\u00bbmedium\u00bb alignment=\u00bbcenter\u00bb][vc_single_image image=\u00bb10477&#8243; img_size=\u00bbmedium\u00bb alignment=\u00bbcenter\u00bb][vc_single_image image=\u00bb10468&#8243; img_size=\u00bbmedium\u00bb alignment=\u00bbcenter\u00bb][vc_single_image image=\u00bb10466&#8243; img_size=\u00bbmedium\u00bb alignment=\u00bbcenter\u00bb][vc_single_image image=\u00bb10471&#8243; img_size=\u00bbmedium\u00bb alignment=\u00bbcenter\u00bb][vc_single_image image=\u00bb10472&#8243; img_size=\u00bbmedium\u00bb alignment=\u00bbcenter\u00bb][vc_single_image image=\u00bb10474&#8243; img_size=\u00bbmedium\u00bb alignment=\u00bbcenter\u00bb][\/la_carousel][\/vc_column][\/vc_row][vc_row el_class=\u00bbcolumna-blog\u00bb][vc_column offset=\u00bbvc_col-xs-12&#8243;][vc_column_text el_class=\u00bbtexto-justificado\u00bb]<\/p>\n<h5><span style=\"font-weight: 400;\">Durante una emotiva ceremonia, el Rector de la Universidad Nacional de Lomas de Zamora, Diego Molea, tom\u00f3 juramento a N\u00e9stor Urretabizkaya, quien comienza un nuevo per\u00edodo como Decano de la Facultad de Ciencias Agrarias.\u00a0<\/span><\/h5>\n<p><span style=\"font-weight: 400;\">Luego de prestar juramento, Urretabizkaya <\/span><span style=\"font-weight: 400;\">expres\u00f3 su profundo agradecimiento a la comunidad acad\u00e9mica<\/span> <span style=\"font-weight: 400;\">y destac\u00f3 que el cambio m\u00e1s trascendental de su gesti\u00f3n fue la integraci\u00f3n con el resto de las facultades, lo que les permiti\u00f3 concretar diversos logros.<\/span><\/p>\n<p><span style=\"font-weight: 400;\">En un repaso por sus primeros cuatro a\u00f1os de gesti\u00f3n, el decano resalt\u00f3 los puntos m\u00e1s altos: \u201cComenzamos a vincularnos a\u00fan m\u00e1s con el sector productivo, las instituciones p\u00fablicas y estatales para trabajar en conjunto\u201d.<\/span><\/p>\n<p><span style=\"font-weight: 400;\">Entre lo m\u00e1s destacado, Urretabizkaya remarc\u00f3 la modificaci\u00f3n del sistema de ingreso que permiti\u00f3 aumentar la cantidad de aspirantes y la actualizaci\u00f3n de los planes de estudio \u201cadecuados a nuevas normativas laborales y a la demanda din\u00e1mica del sector\u201d.<\/span><\/p>\n<p><span style=\"font-weight: 400;\">Adem\u00e1s, record\u00f3 que durante sus primeros a\u00f1os de gesti\u00f3n se inaugur\u00f3 el \u00fanico laboratorio de agricultura de precisi\u00f3n del pa\u00eds con equipos donados por empresas, y se consolidaron el <\/span>Instituto de Investigaci\u00f3n sobre Producci\u00f3n Agropecuaria, Ambiente y Salud<span style=\"font-weight: 400;\"> (IIPAAS)<\/span><span style=\"font-weight: 400;\"> y el campo experimental donde se desarrolla la actividad de docentes e investigadores, y la pr\u00e1ctica de los estudiantes.<\/span><\/p>\n<p><span style=\"font-weight: 400;\">Por su parte, Molea felicit\u00f3 al decano y su equipo de trabajo: \u201cHicieron una enorme gesti\u00f3n en el peor per\u00edodo del sistema universitario. Vivimos una etapa donde se est\u00e1 demonizando o se intenta demonizar a la Universidad P\u00fablica Argentina<\/span><i><span style=\"font-weight: 400;\">\u00ab<\/span><\/i><span style=\"font-weight: 400;\">. Ante esto, agradeci\u00f3 el acompa\u00f1amiento de los decanos en la lucha por el presupuesto y los salarios de docentes y no docentes, y record\u00f3 las masivas movilizaciones en defensa de la universidad: <\/span><i><span style=\"font-weight: 400;\">\u00ab<\/span><\/i><span style=\"font-weight: 400;\">Fue el pueblo argentino que sali\u00f3 a defender a la universidad. Y eso nos obliga, nos compromete<\/span><i><span style=\"font-weight: 400;\">\u00ab<\/span><\/i><span style=\"font-weight: 400;\">.<\/span><\/p>\n<p><span style=\"font-weight: 400;\">\u201cEl trabajo hecho me llena de orgullo porque desde la Facultad vienen con ideas nuevas, a innovar , pensando c\u00f3mo las ciencias agrarias pueden aportar al desarrollo del pa\u00eds\u201d, sostuvo.<\/span><\/p>\n<p><span style=\"font-weight: 400;\">Previamente, Juan Cafarelli, en representaci\u00f3n de los estudiantes, y Mar\u00eda Victoria Topay\u00e1n, por los docentes, brindaron unas palabras al auditorio.<\/span><\/p>\n<p><span style=\"font-weight: 400;\">Estuvieron presentes en el acto la subsecretaria de Agricultura, Ganader\u00eda y Pesca de la Provincia, Carla Sea\u00edn; el director de Innovaci\u00f3n Productiva y Extensi\u00f3n del Ministerio de Desarrollo Agrario, Emiliano Cucchiufo; la secretaria de Educaci\u00f3n de San Vicente, Eleonora V\u00e1zquez, y el rector de la Universidad Nacional Guillermo Brown, Pablo Domenichini.\u00a0<\/span><\/p>\n<p><span style=\"font-weight: 400;\">Tambi\u00e9n participaron los vicerrectores administrativo y acad\u00e9mico de la UNLZ, Horacio Gegunde y Alejandro Kuruc, respectivamente; los Decanos de las facultades de Ciencias Econ\u00f3micas, Gabriel Franchignoni; de Ciencias Sociales, Gustavo Na\u00f3n; de Derecho, Mar\u00eda Fernanda Vazquez, y de Ingenier\u00eda, Diego Serra; Secretarios del Rectorado y las unidades acad\u00e9micas, docentes, trabajadores y alumnos y alumnas.<\/span>[\/vc_column_text][\/vc_column][\/vc_row]<\/p>\n","protected":false},"excerpt":{"rendered":"<p>[vc_row][vc_column][vc_row_inner][vc_column_inner][la_heading title=\u00bbUrretabizkaya: \u201cEl futuro de las Ciencias Agrarias est\u00e1 en marcha\u201d\u00bb title_fz=\u00bbxlg:60px;lg:50px;mb:25px;\u00bb][\/la_heading][la_divider height=\u00bblg:30px;\u00bb][\/vc_column_inner][\/vc_row_inner][la_carousel infinite_loop=\u00bbyes\u00bb autoplay=\u00bbyes\u00bb dots=\u00bbyes\u00bb draggable=\u00bbyes\u00bb touch_move=\u00bbyes\u00bb item_space=\u00bb0&#8243; slides_column=\u00bbxlg:1;lg:1;md:1;sm:1;xs:1;mb:1;\u00bb el_class=\u00bbslick-dots-small\u00bb][vc_single_image image=\u00bb10478&#8243; img_size=\u00bbmedium\u00bb alignment=\u00bbcenter\u00bb][vc_single_image image=\u00bb10477&#8243; img_size=\u00bbmedium\u00bb alignment=\u00bbcenter\u00bb][vc_single_image image=\u00bb10468&#8243; img_size=\u00bbmedium\u00bb alignment=\u00bbcenter\u00bb][vc_single_image image=\u00bb10466&#8243; img_size=\u00bbmedium\u00bb alignment=\u00bbcenter\u00bb][vc_single_image image=\u00bb10471&#8243; img_size=\u00bbmedium\u00bb alignment=\u00bbcenter\u00bb][vc_single_image image=\u00bb10472&#8243; img_size=\u00bbmedium\u00bb alignment=\u00bbcenter\u00bb][vc_single_image image=\u00bb10474&#8243; img_size=\u00bbmedium\u00bb alignment=\u00bbcenter\u00bb][\/la_carousel][\/vc_column][\/vc_row][vc_row el_class=\u00bbcolumna-blog\u00bb][vc_column offset=\u00bbvc_col-xs-12&#8243;][vc_column_text el_class=\u00bbtexto-justificado\u00bb] Durante una emotiva ceremonia, el Rector de la Universidad Nacional de Lomas de Zamora, Diego&hellip;<\/p>\n","protected":false},"author":1,"featured_media":10478,"comment_status":"closed","ping_status":"closed","sticky":false,"template":"","format":"standard","meta":{"footnotes":""},"categories":[94],"tags":[105],"class_list":["post-10465","post","type-post","status-publish","format-standard","has-post-thumbnail","hentry","category-novedades","tag-unlz"],"yoast_head":"<!-- This site is optimized with the Yoast SEO plugin v28.2 - https:\/\/yoast.com\/product\/yoast-seo-wordpress\/ -->\n<title>Urretabizkaya: \u201cEl futuro de las Ciencias Agrarias est\u00e1 en marcha\u201d<\/title>\n<meta name=\"robots\" content=\"index, nofollow, max-snippet:-1, max-image-preview:large, max-video-preview:-1\" \/>\n<link rel=\"canonical\" href=\"https:\/\/www.unlz.edu.ar\/?p=10465\" \/>\n<meta property=\"og:locale\" content=\"es_ES\" \/>\n<meta property=\"og:type\" content=\"article\" \/>\n<meta property=\"og:title\" content=\"Urretabizkaya: \u201cEl futuro de las Ciencias Agrarias est\u00e1 en marcha\u201d\" \/>\n<meta property=\"og:description\" content=\"[vc_row][vc_column][vc_row_inner][vc_column_inner][la_heading title=\u00bbUrretabizkaya: \u201cEl futuro de las Ciencias Agrarias est\u00e1 en marcha\u201d\u00bb title_fz=\u00bbxlg:60px;lg:50px;mb:25px;\u00bb][\/la_heading][la_divider height=\u00bblg:30px;\u00bb][\/vc_column_inner][\/vc_row_inner][la_carousel infinite_loop=\u00bbyes\u00bb autoplay=\u00bbyes\u00bb dots=\u00bbyes\u00bb draggable=\u00bbyes\u00bb touch_move=\u00bbyes\u00bb item_space=\u00bb0&#8243; slides_column=\u00bbxlg:1;lg:1;md:1;sm:1;xs:1;mb:1;\u00bb el_class=\u00bbslick-dots-small\u00bb][vc_single_image image=\u00bb10478&#8243; img_size=\u00bbmedium\u00bb alignment=\u00bbcenter\u00bb][vc_single_image image=\u00bb10477&#8243; img_size=\u00bbmedium\u00bb alignment=\u00bbcenter\u00bb][vc_single_image image=\u00bb10468&#8243; img_size=\u00bbmedium\u00bb alignment=\u00bbcenter\u00bb][vc_single_image image=\u00bb10466&#8243; img_size=\u00bbmedium\u00bb alignment=\u00bbcenter\u00bb][vc_single_image image=\u00bb10471&#8243; img_size=\u00bbmedium\u00bb alignment=\u00bbcenter\u00bb][vc_single_image image=\u00bb10472&#8243; img_size=\u00bbmedium\u00bb alignment=\u00bbcenter\u00bb][vc_single_image image=\u00bb10474&#8243; img_size=\u00bbmedium\u00bb alignment=\u00bbcenter\u00bb][\/la_carousel][\/vc_column][\/vc_row][vc_row el_class=\u00bbcolumna-blog\u00bb][vc_column offset=\u00bbvc_col-xs-12&#8243;][vc_column_text el_class=\u00bbtexto-justificado\u00bb] Durante una emotiva ceremonia, el Rector de la Universidad Nacional de Lomas de Zamora, Diego&hellip;\" \/>\n<meta property=\"og:url\" content=\"https:\/\/www.unlz.edu.ar\/?p=10465\" \/>\n<meta property=\"og:site_name\" content=\"UNLZ\" \/>\n<meta property=\"article:publisher\" content=\"https:\/\/www.facebook.com\/UNLZoficial\/\" \/>\n<meta property=\"article:published_time\" content=\"2026-08-31T15:19:56+00:00\" \/>\n<meta property=\"og:image\" content=\"https:\/\/www.unlz.edu.ar\/wp-content\/uploads\/2026\/08\/Todos-scaled.jpg\" \/>\n\t<meta property=\"og:image:width\" content=\"2560\" \/>\n\t<meta property=\"og:image:height\" content=\"1706\" \/>\n\t<meta property=\"og:image:type\" content=\"image\/jpeg\" \/>\n<meta name=\"author\" content=\"wpadmin\" \/>\n<meta name=\"twitter:card\" content=\"summary_large_image\" \/>\n<meta name=\"twitter:title\" content=\"Urretabizkaya: \u201cEl futuro de las Ciencias Agrarias est\u00e1 en marcha\u201d\" \/>\n<meta name=\"twitter:image\" content=\"https:\/\/www.unlz.edu.ar\/wp-content\/uploads\/2026\/08\/Todos-scaled.jpg\" \/>\n<meta name=\"twitter:creator\" content=\"@UNLZoficial\" \/>\n<meta name=\"twitter:site\" content=\"@UNLZoficial\" \/>\n<meta name=\"twitter:label1\" content=\"Escrito por\" \/>\n\t<meta name=\"twitter:data1\" content=\"wpadmin\" \/>\n\t<meta name=\"twitter:label2\" content=\"Tiempo de lectura\" \/>\n\t<meta name=\"twitter:data2\" content=\"3 minutos\" \/>\n<script type=\"application\/ld+json\" class=\"yoast-schema-graph\">{\"@context\":\"https:\\\/\\\/schema.org\",\"@graph\":[{\"@type\":\"Article\",\"@id\":\"https:\\\/\\\/www.unlz.edu.ar\\\/?p=10465#article\",\"isPartOf\":{\"@id\":\"https:\\\/\\\/www.unlz.edu.ar\\\/?p=10465\"},\"author\":{\"name\":\"wpadmin\",\"@id\":\"https:\\\/\\\/www.unlz.edu.ar\\\/#\\\/schema\\\/person\\\/259e68ea5288991e82ed298a26267152\"},\"headline\":\"Urretabizkaya: \u201cEl futuro de las Ciencias Agrarias est\u00e1 en marcha\u201d\",\"datePublished\":\"2026-08-31T15:19:56+00:00\",\"mainEntityOfPage\":{\"@id\":\"https:\\\/\\\/www.unlz.edu.ar\\\/?p=10465\"},\"wordCount\":666,\"publisher\":{\"@id\":\"https:\\\/\\\/www.unlz.edu.ar\\\/#organization\"},\"image\":{\"@id\":\"https:\\\/\\\/www.unlz.edu.ar\\\/?p=10465#primaryimage\"},\"thumbnailUrl\":\"https:\\\/\\\/www.unlz.edu.ar\\\/wp-content\\\/uploads\\\/2026\\\/08\\\/Todos-scaled.jpg\",\"keywords\":[\"unlz\"],\"articleSection\":[\"Novedades\"],\"inLanguage\":\"es\"},{\"@type\":\"WebPage\",\"@id\":\"https:\\\/\\\/www.unlz.edu.ar\\\/?p=10465\",\"url\":\"https:\\\/\\\/www.unlz.edu.ar\\\/?p=10465\",\"name\":\"Urretabizkaya: \u201cEl futuro de las Ciencias Agrarias est\u00e1 en marcha\u201d\",\"isPartOf\":{\"@id\":\"https:\\\/\\\/www.unlz.edu.ar\\\/#website\"},\"primaryImageOfPage\":{\"@id\":\"https:\\\/\\\/www.unlz.edu.ar\\\/?p=10465#primaryimage\"},\"image\":{\"@id\":\"https:\\\/\\\/www.unlz.edu.ar\\\/?p=10465#primaryimage\"},\"thumbnailUrl\":\"https:\\\/\\\/www.unlz.edu.ar\\\/wp-content\\\/uploads\\\/2026\\\/08\\\/Todos-scaled.jpg\",\"datePublished\":\"2026-08-31T15:19:56+00:00\",\"breadcrumb\":{\"@id\":\"https:\\\/\\\/www.unlz.edu.ar\\\/?p=10465#breadcrumb\"},\"inLanguage\":\"es\",\"potentialAction\":[{\"@type\":\"ReadAction\",\"target\":[\"https:\\\/\\\/www.unlz.edu.ar\\\/?p=10465\"]}]},{\"@type\":\"ImageObject\",\"inLanguage\":\"es\",\"@id\":\"https:\\\/\\\/www.unlz.edu.ar\\\/?p=10465#primaryimage\",\"url\":\"https:\\\/\\\/www.unlz.edu.ar\\\/wp-content\\\/uploads\\\/2026\\\/08\\\/Todos-scaled.jpg\",\"contentUrl\":\"https:\\\/\\\/www.unlz.edu.ar\\\/wp-content\\\/uploads\\\/2026\\\/08\\\/Todos-scaled.jpg\",\"width\":2560,\"height\":1706},{\"@type\":\"BreadcrumbList\",\"@id\":\"https:\\\/\\\/www.unlz.edu.ar\\\/?p=10465#breadcrumb\",\"itemListElement\":[{\"@type\":\"ListItem\",\"position\":1,\"name\":\"Portada\",\"item\":\"https:\\\/\\\/www.unlz.edu.ar\\\/\"},{\"@type\":\"ListItem\",\"position\":2,\"name\":\"Urretabizkaya: \u201cEl futuro de las Ciencias Agrarias est\u00e1 en marcha\u201d\"}]},{\"@type\":\"WebSite\",\"@id\":\"https:\\\/\\\/www.unlz.edu.ar\\\/#website\",\"url\":\"https:\\\/\\\/www.unlz.edu.ar\\\/\",\"name\":\"UNLZ\",\"description\":\"Universidad Nacional de Lomas de Zamora\",\"publisher\":{\"@id\":\"https:\\\/\\\/www.unlz.edu.ar\\\/#organization\"},\"potentialAction\":[{\"@type\":\"SearchAction\",\"target\":{\"@type\":\"EntryPoint\",\"urlTemplate\":\"https:\\\/\\\/www.unlz.edu.ar\\\/?s={search_term_string}\"},\"query-input\":{\"@type\":\"PropertyValueSpecification\",\"valueRequired\":true,\"valueName\":\"search_term_string\"}}],\"inLanguage\":\"es\"},{\"@type\":\"Organization\",\"@id\":\"https:\\\/\\\/www.unlz.edu.ar\\\/#organization\",\"name\":\"Universidad Nacional de Lomas de Zamora\",\"url\":\"https:\\\/\\\/www.unlz.edu.ar\\\/\",\"logo\":{\"@type\":\"ImageObject\",\"inLanguage\":\"es\",\"@id\":\"https:\\\/\\\/www.unlz.edu.ar\\\/#\\\/schema\\\/logo\\\/image\\\/\",\"url\":\"https:\\\/\\\/www.unlz.edu.ar\\\/wp-content\\\/uploads\\\/2023\\\/12\\\/unlz-logo-png.png\",\"contentUrl\":\"https:\\\/\\\/www.unlz.edu.ar\\\/wp-content\\\/uploads\\\/2023\\\/12\\\/unlz-logo-png.png\",\"width\":115,\"height\":119,\"caption\":\"Universidad Nacional de Lomas de Zamora\"},\"image\":{\"@id\":\"https:\\\/\\\/www.unlz.edu.ar\\\/#\\\/schema\\\/logo\\\/image\\\/\"},\"sameAs\":[\"https:\\\/\\\/www.facebook.com\\\/UNLZoficial\\\/\",\"https:\\\/\\\/x.com\\\/UNLZoficial\",\"https:\\\/\\\/www.instagram.com\\\/unlzoficial\\\/\",\"https:\\\/\\\/www.youtube.com\\\/channel\\\/UChlG2EZhGAYgBiQdI3Zo5fw\",\"https:\\\/\\\/www.tiktok.com\\\/@unlzoficial\"]},{\"@type\":\"Person\",\"@id\":\"https:\\\/\\\/www.unlz.edu.ar\\\/#\\\/schema\\\/person\\\/259e68ea5288991e82ed298a26267152\",\"name\":\"wpadmin\"}]}<\/script>\n<!-- \/ Yoast SEO plugin. -->","yoast_head_json":{"title":"Urretabizkaya: \u201cEl futuro de las Ciencias Agrarias est\u00e1 en marcha\u201d","robots":{"index":"index","follow":"nofollow","max-snippet":"max-snippet:-1","max-image-preview":"max-image-preview:large","max-video-preview":"max-video-preview:-1"},"canonical":"https:\/\/www.unlz.edu.ar\/?p=10465","og_locale":"es_ES","og_type":"article","og_title":"Urretabizkaya: \u201cEl futuro de las Ciencias Agrarias est\u00e1 en marcha\u201d","og_description":"[vc_row][vc_column][vc_row_inner][vc_column_inner][la_heading title=\u00bbUrretabizkaya: \u201cEl futuro de las Ciencias Agrarias est\u00e1 en marcha\u201d\u00bb title_fz=\u00bbxlg:60px;lg:50px;mb:25px;\u00bb][\/la_heading][la_divider height=\u00bblg:30px;\u00bb][\/vc_column_inner][\/vc_row_inner][la_carousel infinite_loop=\u00bbyes\u00bb autoplay=\u00bbyes\u00bb dots=\u00bbyes\u00bb draggable=\u00bbyes\u00bb touch_move=\u00bbyes\u00bb item_space=\u00bb0&#8243; slides_column=\u00bbxlg:1;lg:1;md:1;sm:1;xs:1;mb:1;\u00bb el_class=\u00bbslick-dots-small\u00bb][vc_single_image image=\u00bb10478&#8243; img_size=\u00bbmedium\u00bb alignment=\u00bbcenter\u00bb][vc_single_image image=\u00bb10477&#8243; img_size=\u00bbmedium\u00bb alignment=\u00bbcenter\u00bb][vc_single_image image=\u00bb10468&#8243; img_size=\u00bbmedium\u00bb alignment=\u00bbcenter\u00bb][vc_single_image image=\u00bb10466&#8243; img_size=\u00bbmedium\u00bb alignment=\u00bbcenter\u00bb][vc_single_image image=\u00bb10471&#8243; img_size=\u00bbmedium\u00bb alignment=\u00bbcenter\u00bb][vc_single_image image=\u00bb10472&#8243; img_size=\u00bbmedium\u00bb alignment=\u00bbcenter\u00bb][vc_single_image image=\u00bb10474&#8243; img_size=\u00bbmedium\u00bb alignment=\u00bbcenter\u00bb][\/la_carousel][\/vc_column][\/vc_row][vc_row el_class=\u00bbcolumna-blog\u00bb][vc_column offset=\u00bbvc_col-xs-12&#8243;][vc_column_text el_class=\u00bbtexto-justificado\u00bb] Durante una emotiva ceremonia, el Rector de la Universidad Nacional de Lomas de Zamora, Diego&hellip;","og_url":"https:\/\/www.unlz.edu.ar\/?p=10465","og_site_name":"UNLZ","article_publisher":"https:\/\/www.facebook.com\/UNLZoficial\/","article_published_time":"2026-08-31T15:19:56+00:00","og_image":[{"url":"https:\/\/www.unlz.edu.ar\/wp-content\/uploads\/2026\/08\/Todos-scaled.jpg","width":2560,"height":1706,"type":"image\/jpeg"}],"author":"wpadmin","twitter_card":"summary_large_image","twitter_title":"Urretabizkaya: \u201cEl futuro de las Ciencias Agrarias est\u00e1 en marcha\u201d","twitter_image":"https:\/\/www.unlz.edu.ar\/wp-content\/uploads\/2026\/08\/Todos-scaled.jpg","twitter_creator":"@UNLZoficial","twitter_site":"@UNLZoficial","twitter_misc":{"Escrito por":"wpadmin","Tiempo de lectura":"3 minutos"},"schema":{"@context":"https:\/\/schema.org","@graph":[{"@type":"Article","@id":"https:\/\/www.unlz.edu.ar\/?p=10465#article","isPartOf":{"@id":"https:\/\/www.unlz.edu.ar\/?p=10465"},"author":{"name":"wpadmin","@id":"https:\/\/www.unlz.edu.ar\/#\/schema\/person\/259e68ea5288991e82ed298a26267152"},"headline":"Urretabizkaya: \u201cEl futuro de las Ciencias Agrarias est\u00e1 en marcha\u201d","datePublished":"2026-08-31T15:19:56+00:00","mainEntityOfPage":{"@id":"https:\/\/www.unlz.edu.ar\/?p=10465"},"wordCount":666,"publisher":{"@id":"https:\/\/www.unlz.edu.ar\/#organization"},"image":{"@id":"https:\/\/www.unlz.edu.ar\/?p=10465#primaryimage"},"thumbnailUrl":"https:\/\/www.unlz.edu.ar\/wp-content\/uploads\/2026\/08\/Todos-scaled.jpg","keywords":["unlz"],"articleSection":["Novedades"],"inLanguage":"es"},{"@type":"WebPage","@id":"https:\/\/www.unlz.edu.ar\/?p=10465","url":"https:\/\/www.unlz.edu.ar\/?p=10465","name":"Urretabizkaya: \u201cEl futuro de las Ciencias Agrarias est\u00e1 en marcha\u201d","isPartOf":{"@id":"https:\/\/www.unlz.edu.ar\/#website"},"primaryImageOfPage":{"@id":"https:\/\/www.unlz.edu.ar\/?p=10465#primaryimage"},"image":{"@id":"https:\/\/www.unlz.edu.ar\/?p=10465#primaryimage"},"thumbnailUrl":"https:\/\/www.unlz.edu.ar\/wp-content\/uploads\/2026\/08\/Todos-scaled.jpg","datePublished":"2026-08-31T15:19:56+00:00","breadcrumb":{"@id":"https:\/\/www.unlz.edu.ar\/?p=10465#breadcrumb"},"inLanguage":"es","potentialAction":[{"@type":"ReadAction","target":["https:\/\/www.unlz.edu.ar\/?p=10465"]}]},{"@type":"ImageObject","inLanguage":"es","@id":"https:\/\/www.unlz.edu.ar\/?p=10465#primaryimage","url":"https:\/\/www.unlz.edu.ar\/wp-content\/uploads\/2026\/08\/Todos-scaled.jpg","contentUrl":"https:\/\/www.unlz.edu.ar\/wp-content\/uploads\/2026\/08\/Todos-scaled.jpg","width":2560,"height":1706},{"@type":"BreadcrumbList","@id":"https:\/\/www.unlz.edu.ar\/?p=10465#breadcrumb","itemListElement":[{"@type":"ListItem","position":1,"name":"Portada","item":"https:\/\/www.unlz.edu.ar\/"},{"@type":"ListItem","position":2,"name":"Urretabizkaya: \u201cEl futuro de las Ciencias Agrarias est\u00e1 en marcha\u201d"}]},{"@type":"WebSite","@id":"https:\/\/www.unlz.edu.ar\/#website","url":"https:\/\/www.unlz.edu.ar\/","name":"UNLZ","description":"Universidad Nacional de Lomas de Zamora","publisher":{"@id":"https:\/\/www.unlz.edu.ar\/#organization"},"potentialAction":[{"@type":"SearchAction","target":{"@type":"EntryPoint","urlTemplate":"https:\/\/www.unlz.edu.ar\/?s={search_term_string}"},"query-input":{"@type":"PropertyValueSpecification","valueRequired":true,"valueName":"search_term_string"}}],"inLanguage":"es"},{"@type":"Organization","@id":"https:\/\/www.unlz.edu.ar\/#organization","name":"Universidad Nacional de Lomas de Zamora","url":"https:\/\/www.unlz.edu.ar\/","logo":{"@type":"ImageObject","inLanguage":"es","@id":"https:\/\/www.unlz.edu.ar\/#\/schema\/logo\/image\/","url":"https:\/\/www.unlz.edu.ar\/wp-content\/uploads\/2023\/12\/unlz-logo-png.png","contentUrl":"https:\/\/www.unlz.edu.ar\/wp-content\/uploads\/2023\/12\/unlz-logo-png.png","width":115,"height":119,"caption":"Universidad Nacional de Lomas de Zamora"},"image":{"@id":"https:\/\/www.unlz.edu.ar\/#\/schema\/logo\/image\/"},"sameAs":["https:\/\/www.facebook.com\/UNLZoficial\/","https:\/\/x.com\/UNLZoficial","https:\/\/www.instagram.com\/unlzoficial\/","https:\/\/www.youtube.com\/channel\/UChlG2EZhGAYgBiQdI3Zo5fw","https:\/\/www.tiktok.com\/@unlzoficial"]},{"@type":"Person","@id":"https:\/\/www.unlz.edu.ar\/#\/schema\/person\/259e68ea5288991e82ed298a26267152","name":"wpadmin"}]}},"_links":{"self":[{"href":"https:\/\/www.unlz.edu.ar\/index.php?rest_route=\/wp\/v2\/posts\/10465","targetHints":{"allow":["GET"]}}],"collection":[{"href":"https:\/\/www.unlz.edu.ar\/index.php?rest_route=\/wp\/v2\/posts"}],"about":[{"href":"https:\/\/www.unlz.edu.ar\/index.php?rest_route=\/wp\/v2\/types\/post"}],"author":[{"embeddable":true,"href":"https:\/\/www.unlz.edu.ar\/index.php?rest_route=\/wp\/v2\/users\/1"}],"replies":[{"embeddable":true,"href":"https:\/\/www.unlz.edu.ar\/index.php?rest_route=%2Fwp%2Fv2%2Fcomments&post=10465"}],"version-history":[{"count":1,"href":"https:\/\/www.unlz.edu.ar\/index.php?rest_route=\/wp\/v2\/posts\/10465\/revisions"}],"predecessor-version":[{"id":10479,"href":"https:\/\/www.unlz.edu.ar\/index.php?rest_route=\/wp\/v2\/posts\/10465\/revisions\/10479"}],"wp:featuredmedia":[{"embeddable":true,"href":"https:\/\/www.unlz.edu.ar\/index.php?rest_route=\/wp\/v2\/media\/10478"}],"wp:attachment":[{"href":"https:\/\/www.unlz.edu.ar\/index.php?rest_route=%2Fwp%2Fv2%2Fmedia&parent=10465"}],"wp:term":[{"taxonomy":"category","embeddable":true,"href":"https:\/\/www.unlz.edu.ar\/index.php?rest_route=%2Fwp%2Fv2%2Fcategories&post=10465"},{"taxonomy":"post_tag","embeddable":true,"href":"https:\/\/www.unlz.edu.ar\/index.php?rest_route=%2Fwp%2Fv2%2Ftags&post=10465"}],"curies":[{"name":"wp","href":"https:\/\/api.w.org\/{rel}","templated":true}]}}